{"id":487,"date":"2020-11-18T10:08:05","date_gmt":"2020-11-18T10:08:05","guid":{"rendered":"https:\/\/popsacademy.se\/karljohan\/?post_type=article&#038;p=487"},"modified":"2021-02-06T11:59:08","modified_gmt":"2021-02-06T10:59:08","slug":"intervju-med-rektor","status":"publish","type":"article","link":"https:\/\/popsacademy.se\/karljohan\/artikel\/intervju-med-rektor\/","title":{"rendered":"Intervju med Rektor"},"content":{"rendered":"\n<h1 class=\"wp-block-heading\">S\u00e4g hej till rektor Lena<\/h1>\n\n<p><strong>&#8221;Jag \u00e4lskar att se, vara en del av och bidra till andras l\u00e4rande!&#8221;. Lena Bostr\u00f6m, rektor p\u00e5 Pops Academy Karl Johan, har varit verksam inom skolv\u00e4rlden i drygt 30 \u00e5r. I den h\u00e4r intervjun ber\u00e4ttar hon bland annat vad hon tycker \u00e4r viktigast f\u00f6r att skapa en bra skolg\u00e5ng.&nbsp;<\/strong><\/p>\n\n<h4 class=\"wp-block-heading\">Varf\u00f6r best\u00e4mde du dig f\u00f6r att bli rektor?<\/h4>\n\n<p>Jag \u00e4lskar att se, vara en del av och bidra till andras l\u00e4rande. F\u00f6rst och fr\u00e4mst barn och ungas l\u00e4rande. I rollen som rektor kan jag skapa f\u00f6ruts\u00e4ttningar f\u00f6r ett kvalitativt l\u00e4rande f\u00f6r v\u00e5ra elever men ocks\u00e5&nbsp;skapa f\u00f6ruts\u00e4ttningar f\u00f6r l\u00e4rares l\u00e4rande och utveckling.<\/p>\n\n<p><\/p>\n\n<p><\/p>\n\n<h4 class=\"wp-block-heading\">Vad \u00e4r det b\u00e4sta med ditt jobb?<\/h4>\n\n<p>Gl\u00e4djen n\u00e4r vi p\u00e5 skolan \u00e4r med och g\u00f6r skillnad f\u00f6r n\u00e5gon individ och f\u00e5 vara en del av l\u00e4rande och utveckling b\u00e5de p\u00e5 individ, klass och skolniv\u00e5.<\/p>\n\n<p><\/p>\n\n<p><\/p>\n\n<h4 class=\"wp-block-heading\">N\u00e4r k\u00e4nner du dig som mest stolt \u00f6ver att vara rektor?<\/h4>\n\n<p>N\u00e4r elever och personal lyckas med sitt uppdrag och sj\u00e4lva uttrycker gl\u00e4dje och stolthet \u00f6ver skolan.<\/p>\n\n<p><\/p>\n\n<p><\/p>\n\n<h4 class=\"wp-block-heading\">Vad tycker du \u00e4r viktigast f\u00f6r att skapa en bra skolg\u00e5ng?<\/h4>\n\n<p>I rektorsrollen, skapa kvalitativa f\u00f6ruts\u00e4ttningar p\u00e5 skolan f\u00f6r l\u00e4rare att utf\u00f6ra sitt uppdrag, utbildning och undervisning.<\/p>\n\n<p>F\u00f6r elever, att i en trygg milj\u00f6 f\u00e5 m\u00f6ta kompetent och engagerad personal med h\u00f6g tilltro till individens f\u00f6rm\u00e5ga<\/p>\n\n<p><\/p>\n\n<p><\/p>\n\n<h4 class=\"wp-block-heading\">Vad vill du att eleverna har med sig n\u00e4r de g\u00e5r ut \u00e5k. 9 p\u00e5 Pops Academy?<\/h4>\n\n<p>En stark tilltro till sig sj\u00e4lva, att de kan lyckas med allt de vill och \u00f6nskar i livet. Det kr\u00e4ver bara olika mycket arbete att lyckas beroende p\u00e5 uppdrag. Att tro p\u00e5 sig sj\u00e4lv och sin egen f\u00f6rm\u00e5ga \u00e4r den b\u00e4sta grunden till ett livsl\u00e5ngt l\u00e4rande.<\/p>\n\n<p><\/p>\n\n<p><\/p>\n\n<h4 class=\"wp-block-heading\">Vad \u00e4r ditt b\u00e4sta tips till v\u00e5rdnadshavare inf\u00f6r skolvalet?<\/h4>\n\n<p>P\u00e5 Pops Academy Karl Johan f\u00e5r ditt barn utvecklas och l\u00e4ra i en kreativ milj\u00f6 som pr\u00e4glas av trygghet, gl\u00e4dje och samh\u00f6righet d\u00e4r musiken \u00e4r den spirande&nbsp;kraft som ger motivation och&nbsp;lust till fortsatt l\u00e4rande.<\/p>\n\n<p><\/p>\n\n<p><\/p>\n\n<h4 class=\"wp-block-heading\">Hur skulle du beskriva Pops Academy?<\/h4>\n\n<p>En skola som utstr\u00e5lar positiv kraft och trygg atmosf\u00e4r d\u00e4r verksamheten pr\u00e4glas av samh\u00f6righet, samarbete, kreativitet och l\u00e4rande. Musiken \u00e4r f\u00f6r oss den k\u00e4lla som samlar till gemenskap, engagemang och \u00e4r den spirande kraft som ger lust till ett l\u00e4rande. Vi \u00e4r en kreativ skola d\u00e4r l\u00e4rande inte existerar fr\u00e5nskilt fr\u00e5n det samh\u00e4lle vi alla m\u00f6ter dagligen. D\u00e4r l\u00e4rare och elever tillsammans m\u00f6ter omv\u00e4rlden med nyfikenhet och positiva f\u00f6rv\u00e4ntningar p\u00e5 l\u00e4randeprocessen i en insikt om en f\u00f6r\u00e4nderlig v\u00e4rld d\u00e4r innovation och kreativitet beh\u00f6vs. En skola med h\u00f6ga f\u00f6rv\u00e4ntningar kring ansvar och f\u00f6rst\u00e5else f\u00f6r den v\u00e4rld vi lever i och en positiv kravbild d\u00e4r eleverna ges f\u00f6ruts\u00e4ttningar att n\u00e5 sin h\u00f6gsta potential.<\/p>\n\n<p><\/p>\n\n<p><\/p>\n\n<h4 class=\"wp-block-heading\">Hur tror du att eleverna skulle beskriva skolan?<\/h4>\n\n<p>En skola med mycket gl\u00e4dje och gemenskap, engagerade l\u00e4rare och bra kvalitet p\u00e5 undervisningen. Undervisningen ger goda f\u00f6ruts\u00e4ttningar f\u00f6r fortsatta studier (s\u00e4ger elever n\u00e4r de g\u00e5tt vidare till gymnasiet).<\/p>\n\n<p><\/p>\n\n<p><\/p>\n\n<h4 class=\"wp-block-heading\">Hur arbetar pedagogerna p\u00e5 skolan?<\/h4>\n\n<p>Relationen till eleven \u00e4r grunden i allt vi g\u00f6r, m\u00e5let \u00e4r att eleven k\u00e4nner delaktighet och motivation i l\u00e4randet. Vi har stort fokus p\u00e5 kollegialt l\u00e4rande f\u00f6r att \u00f6ka kvalitet p\u00e5 undervisningen och skapa likv\u00e4rdighet p\u00e5 skolan i undervisning och bed\u00f6mning.<\/p>\n\t<div\n\t\t class=\"container images-module \" >\n\n\t\t\t\t<div   id=\"images_col\" style=\"display:none\"\n\t\t\t class=\"col-md-6 p-4 position-relative \">\n\t\t<\/div>\n\n\t\t\t\t\n\t\t\n\t\t\t\t<div class=\"row images-module__row\">\n\n\t\t\t\t\t\t\t\t\t\t\n\t\t\t\t<div   data-url=\"https:\/\/popsacademy.se\/wp-content\/uploads\/sites\/8\/2020\/11\/popsacademylena-bostrom.jpg\"\n\t\t\t\t\t data-description=\"\"\n\t\t\t\t\t data-styl=\"aspect-ratio: 625 \/ 567;object-position: _center-top;\"\n\t\t\t\t\t data-alt=\"Personportr\u00e4tt.\"\n\t\t\t\t\t class=\" \"\n\t\t\t\t>\n\t\t\t\t<\/div>\n\n\t\t\t\t\t<\/div>\n\n\n\t\t\t\t<div class=\"row\" id=\"images-module-gallery\">\n\t\t\t<div class=\"col-md-12 text-center\">\n\n\t\t\t\t<button   class=\"\n\t\t\t\td-none\t\t\t\tbtn px-4\n\t\t\t\t\t\t\t\tmy-2\n\t\t\t\tm-m-auto\n\t\t\t\ttext-center\">\n\t\t\t\t\tVisa alla bilder\n\t\t\t\t<\/button>\n\t\t\t<\/div>\n\t\t<\/div>\n\n\n\t<\/div>\n\n\t\n\n\n<script>\n\tvar images_display_descriptive_text = \"\";\n<\/script>\n","protected":false},"template":"","article_category":[4],"yoast_head":"<!-- This site is optimized with the Yoast SEO plugin v22.0 - https:\/\/yoast.com\/wordpress\/plugins\/seo\/ -->\n<title>Karl Johan \u00d6rebro<\/title>\n<meta name=\"robots\" content=\"index, follow, max-snippet:-1, max-image-preview:large, max-video-preview:-1\" \/>\n<link rel=\"canonical\" href=\"https:\/\/popsacademy.se\/karljohan\/artikel\/intervju-med-rektor\/\" \/>\n<meta property=\"og:locale\" content=\"sv_SE\" \/>\n<meta property=\"og:type\" content=\"article\" \/>\n<meta property=\"og:url\" content=\"https:\/\/popsacademy.se\/karljohan\/artikel\/intervju-med-rektor\/\" \/>\n<meta property=\"og:site_name\" content=\"Karl Johan \u00d6rebro\" \/>\n<meta property=\"article:modified_time\" content=\"2021-02-06T10:59:08+00:00\" \/>\n<meta name=\"twitter:card\" content=\"summary_large_image\" \/>\n<meta name=\"twitter:image\" content=\"https:\/\/popsacademy.se\/wp-content\/uploads\/sites\/8\/2020\/11\/popsacademylena-bostrom.jpg\" \/>\n<meta name=\"twitter:label1\" content=\"Ber\u00e4knad l\u00e4stid\" \/>\n\t<meta name=\"twitter:data1\" content=\"3 minuter\" \/>\n<script type=\"application\/ld+json\" class=\"yoast-schema-graph\">{\"@context\":\"https:\/\/schema.org\",\"@graph\":[{\"@type\":\"WebPage\",\"@id\":\"https:\/\/popsacademy.se\/karljohan\/artikel\/intervju-med-rektor\/\",\"url\":\"https:\/\/popsacademy.se\/karljohan\/artikel\/intervju-med-rektor\/\",\"name\":\"Intervju med Rektor - Karl Johan \u00d6rebro\",\"isPartOf\":{\"@id\":\"https:\/\/popsacademy.se\/karljohan\/#website\"},\"datePublished\":\"2020-11-18T10:08:05+00:00\",\"dateModified\":\"2021-02-06T10:59:08+00:00\",\"breadcrumb\":{\"@id\":\"https:\/\/popsacademy.se\/karljohan\/artikel\/intervju-med-rektor\/#breadcrumb\"},\"inLanguage\":\"sv-SE\",\"potentialAction\":[{\"@type\":\"ReadAction\",\"target\":[\"https:\/\/popsacademy.se\/karljohan\/artikel\/intervju-med-rektor\/\"]}]},{\"@type\":\"BreadcrumbList\",\"@id\":\"https:\/\/popsacademy.se\/karljohan\/artikel\/intervju-med-rektor\/#breadcrumb\",\"itemListElement\":[{\"@type\":\"ListItem\",\"position\":1,\"name\":\"Start\",\"item\":\"https:\/\/popsacademy.se\/karljohan\"},{\"@type\":\"ListItem\",\"position\":2,\"name\":\"Artikel\"}]},{\"@type\":\"WebSite\",\"@id\":\"https:\/\/popsacademy.se\/karljohan\/#website\",\"url\":\"https:\/\/popsacademy.se\/karljohan\/\",\"name\":\"Karl Johan \u00d6rebro\",\"description\":\"Kreativ verksamhet med akademisk kvalitet\",\"potentialAction\":[{\"@type\":\"SearchAction\",\"target\":{\"@type\":\"EntryPoint\",\"urlTemplate\":\"https:\/\/popsacademy.se\/karljohan\/?s={search_term_string}\"},\"query-input\":\"required name=search_term_string\"}],\"inLanguage\":\"sv-SE\"}]}<\/script>\n<!-- \/ Yoast SEO plugin. -->","yoast_head_json":{"title":"Karl Johan \u00d6rebro","robots":{"index":"index","follow":"follow","max-snippet":"max-snippet:-1","max-image-preview":"max-image-preview:large","max-video-preview":"max-video-preview:-1"},"canonical":"https:\/\/popsacademy.se\/karljohan\/artikel\/intervju-med-rektor\/","og_locale":"sv_SE","og_type":"article","og_url":"https:\/\/popsacademy.se\/karljohan\/artikel\/intervju-med-rektor\/","og_site_name":"Karl Johan \u00d6rebro","article_modified_time":"2021-02-06T10:59:08+00:00","twitter_card":"summary_large_image","twitter_image":"https:\/\/popsacademy.se\/wp-content\/uploads\/sites\/8\/2020\/11\/popsacademylena-bostrom.jpg","twitter_misc":{"Ber\u00e4knad l\u00e4stid":"3 minuter"},"schema":{"@context":"https:\/\/schema.org","@graph":[{"@type":"WebPage","@id":"https:\/\/popsacademy.se\/karljohan\/artikel\/intervju-med-rektor\/","url":"https:\/\/popsacademy.se\/karljohan\/artikel\/intervju-med-rektor\/","name":"Intervju med Rektor - Karl Johan \u00d6rebro","isPartOf":{"@id":"https:\/\/popsacademy.se\/karljohan\/#website"},"datePublished":"2020-11-18T10:08:05+00:00","dateModified":"2021-02-06T10:59:08+00:00","breadcrumb":{"@id":"https:\/\/popsacademy.se\/karljohan\/artikel\/intervju-med-rektor\/#breadcrumb"},"inLanguage":"sv-SE","potentialAction":[{"@type":"ReadAction","target":["https:\/\/popsacademy.se\/karljohan\/artikel\/intervju-med-rektor\/"]}]},{"@type":"BreadcrumbList","@id":"https:\/\/popsacademy.se\/karljohan\/artikel\/intervju-med-rektor\/#breadcrumb","itemListElement":[{"@type":"ListItem","position":1,"name":"Start","item":"https:\/\/popsacademy.se\/karljohan"},{"@type":"ListItem","position":2,"name":"Artikel"}]},{"@type":"WebSite","@id":"https:\/\/popsacademy.se\/karljohan\/#website","url":"https:\/\/popsacademy.se\/karljohan\/","name":"Karl Johan \u00d6rebro","description":"Kreativ verksamhet med akademisk kvalitet","potentialAction":[{"@type":"SearchAction","target":{"@type":"EntryPoint","urlTemplate":"https:\/\/popsacademy.se\/karljohan\/?s={search_term_string}"},"query-input":"required name=search_term_string"}],"inLanguage":"sv-SE"}]}},"_links":{"self":[{"href":"https:\/\/popsacademy.se\/karljohan\/wp-json\/wp\/v2\/article\/487"}],"collection":[{"href":"https:\/\/popsacademy.se\/karljohan\/wp-json\/wp\/v2\/article"}],"about":[{"href":"https:\/\/popsacademy.se\/karljohan\/wp-json\/wp\/v2\/types\/article"}],"wp:attachment":[{"href":"https:\/\/popsacademy.se\/karljohan\/wp-json\/wp\/v2\/media?parent=487"}],"wp:term":[{"taxonomy":"article_category","embeddable":true,"href":"https:\/\/popsacademy.se\/karljohan\/wp-json\/wp\/v2\/article_category?post=487"}],"curies":[{"name":"wp","href":"https:\/\/api.w.org\/{rel}","templated":true}]}}